{"id":13294,"date":"2018-08-09T15:20:22","date_gmt":"2018-08-09T18:20:22","guid":{"rendered":"http:\/\/www.cidadeemnoticias.com.br\/v1\/?p=13294"},"modified":"2018-08-09T15:20:22","modified_gmt":"2018-08-09T18:20:22","slug":"coomapi-realiza-povoamento-de-aguadas-publicas-em-parceria-com-o-dnocs-no-municipio-de-itiuba-ba","status":"publish","type":"post","link":"https:\/\/www.cidadeemnoticias.com.br\/v1\/2018\/08\/09\/coomapi-realiza-povoamento-de-aguadas-publicas-em-parceria-com-o-dnocs-no-municipio-de-itiuba-ba\/","title":{"rendered":"COOMAPI realiza povoamento de aguadas p\u00fablicas em parceria com o DNOCS, no munic\u00edpio de Iti\u00faba &#8211; BA."},"content":{"rendered":"<h3 style=\"text-align: justify;\"><img loading=\"lazy\" class=\" wp-image-13297 aligncenter\" src=\"http:\/\/www.cidadeemnoticias.com.br\/v1\/wp-content\/uploads\/2018\/08\/WhatsApp-Image-2018-08-07-at-17.58.32-300x169.jpeg\" alt=\"WhatsApp Image 2018-08-07 at 17.58.32\" width=\"396\" height=\"223\" srcset=\"https:\/\/www.cidadeemnoticias.com.br\/v1\/wp-content\/uploads\/2018\/08\/WhatsApp-Image-2018-08-07-at-17.58.32-300x169.jpeg 300w, https:\/\/www.cidadeemnoticias.com.br\/v1\/wp-content\/uploads\/2018\/08\/WhatsApp-Image-2018-08-07-at-17.58.32.jpeg 600w\" sizes=\"(max-width: 396px) 100vw, 396px\" \/><\/h3>\n<h3 style=\"text-align: justify;\">Mais de 5.000 alevinos de til\u00e1pia tailandesa, linhagem geneticamente melhorada, foram distribu\u00eddos no munic\u00edpio de Iti\u00faba \u2013 BA, no dia 01 de agosto de 2018, atrav\u00e9s de uma a\u00e7\u00e3o conjunta realizada pela Cooperativa Mista Agropecu\u00e1ria de Iti\u00faba com o apoio do Departamento Nacional de Obras Contra as Secas.<\/h3>\n<h3 style=\"text-align: justify;\">De acordo com Josevaldo Alves, Engenheiro de Pesca, a referida a\u00e7\u00e3o \u00e9 a primeira etapa de um projeto de recupera\u00e7\u00e3o sistem\u00e1tica dos estoques pesqueiros de barragens comunit\u00e1rias existentes no munic\u00edpio, e tem como principal objetivo promover a seguran\u00e7a alimentar das fam\u00edlias em situa\u00e7\u00e3o de vulnerabilidade social que vivem nas adjac\u00eancias dos referidos reservat\u00f3rios. Inicialmente foram contempladas as barragens comunit\u00e1rias da Fazenda Estima\u00e7\u00e3o, Povoado S\u00edtio dos Mo\u00e7os, Povoado S\u00edtio dos Gomes e Lajedo Pintado, mas a ideia \u00e9 dar continuidade aos povoamentos, utilizando diferentes esp\u00e9cies adaptadas ao nosso clima e com diferentes h\u00e1bitos alimentares, de forma a promover um equil\u00edbrio biol\u00f3gico e um manejo sustent\u00e1vel desses ecossistemas. Anderson Lopes, presidente da COOMAPI, destacou a import\u00e2ncia dessa a\u00e7\u00e3o para o homem do campo e salientou o compromisso da referida cooperativa em apoiar e estender as a\u00e7\u00f5es desse projeto para outras comunidades interessadas.<\/h3>\n\n\t\t<style type=\"text\/css\">\n\t\t\t#gallery-1 {\n\t\t\t\tmargin: auto;\n\t\t\t}\n\t\t\t#gallery-1 .gallery-item {\n\t\t\t\tfloat: left;\n\t\t\t\tmargin-top: 10px;\n\t\t\t\ttext-align: center;\n\t\t\t\twidth: 16%;\n\t\t\t}\n\t\t\t#gallery-1 img {\n\t\t\t\tborder: 2px solid #cfcfcf;\n\t\t\t}\n\t\t\t#gallery-1 .gallery-caption {\n\t\t\t\tmargin-left: 0;\n\t\t\t}\n\t\t\t\/* see gallery_shortcode() in wp-includes\/media.php *\/\n\t\t<\/style>\n\t\t<div id='gallery-1' class='gallery galleryid-13294 gallery-columns-6 gallery-size-thumbnail'><dl class='gallery-item'>\n\t\t\t<dt class='gallery-icon landscape'>\n\t\t\t\t<a href=\"https:\/\/www.cidadeemnoticias.com.br\/v1\/wp-content\/uploads\/2018\/08\/WhatsApp-Image-2018-08-07-at-19.59.31.jpeg\" class=\"gallery_colorbox\"><img width=\"150\" height=\"150\" src=\"https:\/\/www.cidadeemnoticias.com.br\/v1\/wp-content\/uploads\/2018\/08\/WhatsApp-Image-2018-08-07-at-19.59.31-150x150.jpeg\"  class=\"attachment-thumbnail size-thumbnail\" alt=\"\" loading=\"lazy\" \/><\/a>\n\t\t\t<\/dt><\/dl><dl class='gallery-item'>\n\t\t\t<dt class='gallery-icon landscape'>\n\t\t\t\t<a href=\"https:\/\/www.cidadeemnoticias.com.br\/v1\/wp-content\/uploads\/2018\/08\/WhatsApp-Image-2018-08-07-at-20.01.23.jpeg\" class=\"gallery_colorbox\"><img width=\"150\" height=\"150\" src=\"https:\/\/www.cidadeemnoticias.com.br\/v1\/wp-content\/uploads\/2018\/08\/WhatsApp-Image-2018-08-07-at-20.01.23-150x150.jpeg\"  class=\"attachment-thumbnail size-thumbnail\" alt=\"\" loading=\"lazy\" \/><\/a>\n\t\t\t<\/dt><\/dl><dl class='gallery-item'>\n\t\t\t<dt class='gallery-icon portrait'>\n\t\t\t\t<a href=\"https:\/\/www.cidadeemnoticias.com.br\/v1\/wp-content\/uploads\/2018\/08\/WhatsApp-Image-2018-08-07-at-19.59.36.jpeg\" class=\"gallery_colorbox\"><img width=\"150\" height=\"150\" src=\"https:\/\/www.cidadeemnoticias.com.br\/v1\/wp-content\/uploads\/2018\/08\/WhatsApp-Image-2018-08-07-at-19.59.36-150x150.jpeg\"  class=\"attachment-thumbnail size-thumbnail\" alt=\"\" loading=\"lazy\" \/><\/a>\n\t\t\t<\/dt><\/dl><dl class='gallery-item'>\n\t\t\t<dt class='gallery-icon landscape'>\n\t\t\t\t<a href=\"https:\/\/www.cidadeemnoticias.com.br\/v1\/wp-content\/uploads\/2018\/08\/WhatsApp-Image-2018-08-07-at-17.58.56-1.jpeg\" class=\"gallery_colorbox\"><img width=\"150\" height=\"150\" src=\"https:\/\/www.cidadeemnoticias.com.br\/v1\/wp-content\/uploads\/2018\/08\/WhatsApp-Image-2018-08-07-at-17.58.56-1-150x150.jpeg\"  class=\"attachment-thumbnail size-thumbnail\" alt=\"\" loading=\"lazy\" \/><\/a>\n\t\t\t<\/dt><\/dl><dl class='gallery-item'>\n\t\t\t<dt class='gallery-icon landscape'>\n\t\t\t\t<a href=\"https:\/\/www.cidadeemnoticias.com.br\/v1\/wp-content\/uploads\/2018\/08\/WhatsApp-Image-2018-08-07-at-17.58.32.jpeg\" class=\"gallery_colorbox\"><img width=\"150\" height=\"150\" src=\"https:\/\/www.cidadeemnoticias.com.br\/v1\/wp-content\/uploads\/2018\/08\/WhatsApp-Image-2018-08-07-at-17.58.32-150x150.jpeg\"  class=\"attachment-thumbnail size-thumbnail\" alt=\"\" loading=\"lazy\" \/><\/a>\n\t\t\t<\/dt><\/dl><dl class='gallery-item'>\n\t\t\t<dt class='gallery-icon landscape'>\n\t\t\t\t<a href=\"https:\/\/www.cidadeemnoticias.com.br\/v1\/wp-content\/uploads\/2018\/08\/WhatsApp-Image-2018-08-07-at-17.57.02.jpeg\" class=\"gallery_colorbox\"><img width=\"150\" height=\"150\" src=\"https:\/\/www.cidadeemnoticias.com.br\/v1\/wp-content\/uploads\/2018\/08\/WhatsApp-Image-2018-08-07-at-17.57.02-150x150.jpeg\"  class=\"attachment-thumbnail size-thumbnail\" alt=\"\" loading=\"lazy\" \/><\/a>\n\t\t\t<\/dt><\/dl><br style=\"clear: both\" \/>\n\t\t<\/div>\n\n","protected":false},"excerpt":{"rendered":"<p>Mais de 5.000 alevinos de til\u00e1pia tailandesa, linhagem geneticamente melhorada, foram distribu\u00eddos no munic\u00edpio de Iti\u00faba \u2013 BA, no dia 01 de agosto de 2018, atrav\u00e9s de uma a\u00e7\u00e3o conjunta realizada pela Cooperativa Mista Agropecu\u00e1ria de Iti\u00faba com o apoio do Departamento Nacional de Obras Contra as Secas. De acordo com Josevaldo Alves, Engenheiro de [&hellip;]<\/p>\n","protected":false},"author":3,"featured_media":13297,"comment_status":"open","ping_status":"open","sticky":false,"template":"","format":"standard","meta":{"_links_to":"","_links_to_target":""},"categories":[2,26],"tags":[],"_links":{"self":[{"href":"https:\/\/www.cidadeemnoticias.com.br\/v1\/wp-json\/wp\/v2\/posts\/13294"}],"collection":[{"href":"https:\/\/www.cidadeemnoticias.com.br\/v1\/wp-json\/wp\/v2\/posts"}],"about":[{"href":"https:\/\/www.cidadeemnoticias.com.br\/v1\/wp-json\/wp\/v2\/types\/post"}],"author":[{"embeddable":true,"href":"https:\/\/www.cidadeemnoticias.com.br\/v1\/wp-json\/wp\/v2\/users\/3"}],"replies":[{"embeddable":true,"href":"https:\/\/www.cidadeemnoticias.com.br\/v1\/wp-json\/wp\/v2\/comments?post=13294"}],"version-history":[{"count":1,"href":"https:\/\/www.cidadeemnoticias.com.br\/v1\/wp-json\/wp\/v2\/posts\/13294\/revisions"}],"predecessor-version":[{"id":13302,"href":"https:\/\/www.cidadeemnoticias.com.br\/v1\/wp-json\/wp\/v2\/posts\/13294\/revisions\/13302"}],"wp:featuredmedia":[{"embeddable":true,"href":"https:\/\/www.cidadeemnoticias.com.br\/v1\/wp-json\/wp\/v2\/media\/13297"}],"wp:attachment":[{"href":"https:\/\/www.cidadeemnoticias.com.br\/v1\/wp-json\/wp\/v2\/media?parent=13294"}],"wp:term":[{"taxonomy":"category","embeddable":true,"href":"https:\/\/www.cidadeemnoticias.com.br\/v1\/wp-json\/wp\/v2\/categories?post=13294"},{"taxonomy":"post_tag","embeddable":true,"href":"https:\/\/www.cidadeemnoticias.com.br\/v1\/wp-json\/wp\/v2\/tags?post=13294"}],"curies":[{"name":"wp","href":"https:\/\/api.w.org\/{rel}","templated":true}]}}