{"id":20456,"date":"2021-02-07T18:14:52","date_gmt":"2021-02-07T21:14:52","guid":{"rendered":"https:\/\/www.cidadeemnoticias.com.br\/v1\/?p=20456"},"modified":"2021-02-07T18:20:34","modified_gmt":"2021-02-07T21:20:34","slug":"deputado-daniel-almeida-relembra-lei-de-sua-autoria-que-assegura-ao-trabalhador-brasileiro-o-direito-a-exames-preventivos-de-cancer","status":"publish","type":"post","link":"https:\/\/www.cidadeemnoticias.com.br\/v1\/2021\/02\/07\/deputado-daniel-almeida-relembra-lei-de-sua-autoria-que-assegura-ao-trabalhador-brasileiro-o-direito-a-exames-preventivos-de-cancer\/","title":{"rendered":"Deputado Daniel Almeida relembra lei de sua autoria que assegura ao trabalhador brasileiro o direito a exames preventivos de c\u00e2ncer"},"content":{"rendered":"<h3><img loading=\"lazy\" class=\"alignnone size-medium wp-image-20457 aligncenter\" src=\"https:\/\/www.cidadeemnoticias.com.br\/v1\/wp-content\/uploads\/2021\/02\/WhatsApp-Image-2021-02-04-at-08.51.43-300x200.jpeg\" alt=\"\" width=\"300\" height=\"200\" srcset=\"https:\/\/www.cidadeemnoticias.com.br\/v1\/wp-content\/uploads\/2021\/02\/WhatsApp-Image-2021-02-04-at-08.51.43-300x200.jpeg 300w, https:\/\/www.cidadeemnoticias.com.br\/v1\/wp-content\/uploads\/2021\/02\/WhatsApp-Image-2021-02-04-at-08.51.43-1024x682.jpeg 1024w, https:\/\/www.cidadeemnoticias.com.br\/v1\/wp-content\/uploads\/2021\/02\/WhatsApp-Image-2021-02-04-at-08.51.43-768x512.jpeg 768w, https:\/\/www.cidadeemnoticias.com.br\/v1\/wp-content\/uploads\/2021\/02\/WhatsApp-Image-2021-02-04-at-08.51.43.jpeg 1280w\" sizes=\"(max-width: 300px) 100vw, 300px\" \/><\/h3>\n<h3 style=\"text-align: justify;\">H\u00e1 quase um ano o mundo passa por uma grave crise sanit\u00e1ria, por conta da pandemia da covid-19, doen\u00e7a causada pelo novo coronav\u00edrus. Neste novo cen\u00e1rio, a aten\u00e7\u00e3o \u00e0 sa\u00fade tornou-se principal foco da popula\u00e7\u00e3o. No dia Mundial de Combate ao C\u00e2ncer o alerta para o tratamento, preven\u00e7\u00e3o e diagn\u00f3stico reacendeu. Segundo dados da Sociedade Brasileira de Oncologia Cl\u00ednica cerca de 50 mil pessoas deixaram de realizar exames entre mar\u00e7o e maio de 2020.<\/h3>\n<h3 style=\"text-align: justify;\">Sendo a segunda maior causa de mortes por doen\u00e7a de brasileiros, o c\u00e2ncer, se tratado precocemente tem chance de cura aumentada. Desde 2018, vigora a lei 13.767\/18, de autoria do deputado federal Daniel Almeida (PCdoB), que permite a aus\u00eancia dos trabalhadores ao servi\u00e7o para realiza\u00e7\u00e3o de exames preventivos de c\u00e2ncer.<\/h3>\n<h3 style=\"text-align: justify;\">A legisla\u00e7\u00e3o concede tr\u00eas dias em cada 12 meses de trabalho para investigar a possibilidade de c\u00e2ncer sem preju\u00edzo do sal\u00e1rio. \u201cOs cuidados com a sa\u00fade tornaram-se nossa prioridade em meio \u00e0 pandemia do coronav\u00edrus, principalmente para as pessoas com comorbidades. Portanto, a preven\u00e7\u00e3o ser\u00e1 sempre a melhor alternativa. A correria di\u00e1ria nos impede de ir ao m\u00e9dico e fazer exames, e por isso a lei visa sanar essa lacuna e garantir aos trabalhadores esse recurso\u201d, explicou Almeida.<\/h3>\n<h3 style=\"text-align: justify;\">Na Bahia, o parlamentar baiano participou da entrega da Unidade de Alta Complexidade em Oncologia (UNACON), em Caetit\u00e9, em novembro do ano passado. Foram investidos mais de R$ 11 milh\u00f5es na implanta\u00e7\u00e3o do equipamento de sa\u00fade que oferece mais tecnologias e conforto na preven\u00e7\u00e3o, diagn\u00f3stico e tratamento do c\u00e2ncer. \u201cS\u00e3o 80 leitos, sendo 10 de UTI, que beneficiam toda a regi\u00e3o sudoeste do estado da Bahia. Resultado da parceria entre o governo estadual, prefeitura e o parlamento, onde nosso mandato encaminhou emenda na composi\u00e7\u00e3o do or\u00e7amento total da obra\u201d, afirmou Daniel.<\/h3>\n<h3 style=\"text-align: justify;\">De acordo com proje\u00e7\u00e3o do Instituto Nacional de C\u00e2ncer (Inca), a estimativa \u00e9 que ocorram 625 mil casos novos de c\u00e2ncer para cada ano do tri\u00eanio 2020-2022. Os c\u00e2nceres de pele, pr\u00f3stata, reto, mama, pulm\u00e3o e est\u00f4mago est\u00e3o entre os mais incidentes no pa\u00eds.<\/h3>\n<p>ASCOM &#8211; Daniel Almeida<\/p>\n","protected":false},"excerpt":{"rendered":"<p>H\u00e1 quase um ano o mundo passa por uma grave crise sanit\u00e1ria, por conta da pandemia da covid-19, doen\u00e7a causada pelo novo coronav\u00edrus. Neste novo cen\u00e1rio, a aten\u00e7\u00e3o \u00e0 sa\u00fade tornou-se principal foco da popula\u00e7\u00e3o. No dia Mundial de Combate ao C\u00e2ncer o alerta para o tratamento, preven\u00e7\u00e3o e diagn\u00f3stico reacendeu. Segundo dados da Sociedade [&hellip;]<\/p>\n","protected":false},"author":3,"featured_media":20457,"comment_status":"open","ping_status":"open","sticky":false,"template":"","format":"standard","meta":{"_links_to":"","_links_to_target":""},"categories":[3,27],"tags":[104,128],"_links":{"self":[{"href":"https:\/\/www.cidadeemnoticias.com.br\/v1\/wp-json\/wp\/v2\/posts\/20456"}],"collection":[{"href":"https:\/\/www.cidadeemnoticias.com.br\/v1\/wp-json\/wp\/v2\/posts"}],"about":[{"href":"https:\/\/www.cidadeemnoticias.com.br\/v1\/wp-json\/wp\/v2\/types\/post"}],"author":[{"embeddable":true,"href":"https:\/\/www.cidadeemnoticias.com.br\/v1\/wp-json\/wp\/v2\/users\/3"}],"replies":[{"embeddable":true,"href":"https:\/\/www.cidadeemnoticias.com.br\/v1\/wp-json\/wp\/v2\/comments?post=20456"}],"version-history":[{"count":1,"href":"https:\/\/www.cidadeemnoticias.com.br\/v1\/wp-json\/wp\/v2\/posts\/20456\/revisions"}],"predecessor-version":[{"id":20458,"href":"https:\/\/www.cidadeemnoticias.com.br\/v1\/wp-json\/wp\/v2\/posts\/20456\/revisions\/20458"}],"wp:featuredmedia":[{"embeddable":true,"href":"https:\/\/www.cidadeemnoticias.com.br\/v1\/wp-json\/wp\/v2\/media\/20457"}],"wp:attachment":[{"href":"https:\/\/www.cidadeemnoticias.com.br\/v1\/wp-json\/wp\/v2\/media?parent=20456"}],"wp:term":[{"taxonomy":"category","embeddable":true,"href":"https:\/\/www.cidadeemnoticias.com.br\/v1\/wp-json\/wp\/v2\/categories?post=20456"},{"taxonomy":"post_tag","embeddable":true,"href":"https:\/\/www.cidadeemnoticias.com.br\/v1\/wp-json\/wp\/v2\/tags?post=20456"}],"curies":[{"name":"wp","href":"https:\/\/api.w.org\/{rel}","templated":true}]}}