{"id":21390,"date":"2021-04-28T15:03:28","date_gmt":"2021-04-28T18:03:28","guid":{"rendered":"https:\/\/www.cidadeemnoticias.com.br\/v1\/?p=21390"},"modified":"2021-04-28T15:03:28","modified_gmt":"2021-04-28T18:03:28","slug":"bicicleta-furtada-e-recuperada-e-mulher-e-detida-em-romulo-campos","status":"publish","type":"post","link":"https:\/\/www.cidadeemnoticias.com.br\/v1\/2021\/04\/28\/bicicleta-furtada-e-recuperada-e-mulher-e-detida-em-romulo-campos\/","title":{"rendered":"Bicicleta furtada \u00e9 recuperada e mulher \u00e9 detida em R\u00f4mulo Campos"},"content":{"rendered":"<div id=\"attachment_21391\" style=\"width: 310px\" class=\"wp-caption aligncenter\"><img aria-describedby=\"caption-attachment-21391\" loading=\"lazy\" class=\"wp-image-21391 size-medium\" src=\"https:\/\/www.cidadeemnoticias.com.br\/v1\/wp-content\/uploads\/2021\/04\/296578-300x234.png\" alt=\"\" width=\"300\" height=\"234\" srcset=\"https:\/\/www.cidadeemnoticias.com.br\/v1\/wp-content\/uploads\/2021\/04\/296578-300x234.png 300w, https:\/\/www.cidadeemnoticias.com.br\/v1\/wp-content\/uploads\/2021\/04\/296578.png 512w\" sizes=\"(max-width: 300px) 100vw, 300px\" \/><p id=\"caption-attachment-21391\" class=\"wp-caption-text\">IMAGEM ILUSTRATIVA INTERNET<\/p><\/div>\n<h3 style=\"text-align: justify;\">PMBA -CPRN 6 BPM\/ 2\u00b0 CIA<\/h3>\n<h3 style=\"text-align: justify;\">OCORR\u00caNCIA: Furto<\/h3>\n<h3 style=\"text-align: justify;\">DATA: 27\/04\/21<\/h3>\n<h3 style=\"text-align: justify;\">HORA: 14h10<\/h3>\n<h3 style=\"text-align: justify;\">LOCAL: Av. S\u00e3o Pedro, via p\u00fablica<\/h3>\n<h3 style=\"text-align: justify;\">CIDADE: Itiuba<\/h3>\n<h3 style=\"text-align: justify;\">Distrito de R\u00f4mulo Campos<\/h3>\n<h3 style=\"text-align: justify;\">RESUMO: A Guarni\u00e7\u00e3o foi solicitada pela v\u00edtima, afirmando que sua bicicleta Caloi, fora furtada em via p\u00fablica no Distrito de R\u00f4mulo Campos e que sabia onde a autora do fato residia. Ao chegar ao local indicado, Povoado Limpos, a acusada encontrava-se em posse do objeto do furto.<br \/>\nTodos os envolvidos al\u00e9m do objeto do furto foram conduzidos a delegacia local, onde foi lavrado flagrante.<\/h3>\n<h3 style=\"text-align: justify;\">FONTE: ASCOM\/6\u00b0 BPM<\/h3>\n","protected":false},"excerpt":{"rendered":"<p>PMBA -CPRN 6 BPM\/ 2\u00b0 CIA OCORR\u00caNCIA: Furto DATA: 27\/04\/21 HORA: 14h10 LOCAL: Av. S\u00e3o Pedro, via p\u00fablica CIDADE: Itiuba Distrito de R\u00f4mulo Campos RESUMO: A Guarni\u00e7\u00e3o foi solicitada pela v\u00edtima, afirmando que sua bicicleta Caloi, fora furtada em via p\u00fablica no Distrito de R\u00f4mulo Campos e que sabia onde a autora do fato residia. [&hellip;]<\/p>\n","protected":false},"author":3,"featured_media":21391,"comment_status":"open","ping_status":"open","sticky":false,"template":"","format":"standard","meta":{"_links_to":"","_links_to_target":""},"categories":[2,26,31],"tags":[81,73,47],"_links":{"self":[{"href":"https:\/\/www.cidadeemnoticias.com.br\/v1\/wp-json\/wp\/v2\/posts\/21390"}],"collection":[{"href":"https:\/\/www.cidadeemnoticias.com.br\/v1\/wp-json\/wp\/v2\/posts"}],"about":[{"href":"https:\/\/www.cidadeemnoticias.com.br\/v1\/wp-json\/wp\/v2\/types\/post"}],"author":[{"embeddable":true,"href":"https:\/\/www.cidadeemnoticias.com.br\/v1\/wp-json\/wp\/v2\/users\/3"}],"replies":[{"embeddable":true,"href":"https:\/\/www.cidadeemnoticias.com.br\/v1\/wp-json\/wp\/v2\/comments?post=21390"}],"version-history":[{"count":1,"href":"https:\/\/www.cidadeemnoticias.com.br\/v1\/wp-json\/wp\/v2\/posts\/21390\/revisions"}],"predecessor-version":[{"id":21392,"href":"https:\/\/www.cidadeemnoticias.com.br\/v1\/wp-json\/wp\/v2\/posts\/21390\/revisions\/21392"}],"wp:featuredmedia":[{"embeddable":true,"href":"https:\/\/www.cidadeemnoticias.com.br\/v1\/wp-json\/wp\/v2\/media\/21391"}],"wp:attachment":[{"href":"https:\/\/www.cidadeemnoticias.com.br\/v1\/wp-json\/wp\/v2\/media?parent=21390"}],"wp:term":[{"taxonomy":"category","embeddable":true,"href":"https:\/\/www.cidadeemnoticias.com.br\/v1\/wp-json\/wp\/v2\/categories?post=21390"},{"taxonomy":"post_tag","embeddable":true,"href":"https:\/\/www.cidadeemnoticias.com.br\/v1\/wp-json\/wp\/v2\/tags?post=21390"}],"curies":[{"name":"wp","href":"https:\/\/api.w.org\/{rel}","templated":true}]}}