{"id":24257,"date":"2022-06-08T10:40:41","date_gmt":"2022-06-08T13:40:41","guid":{"rendered":"https:\/\/www.cidadeemnoticias.com.br\/v1\/?p=24257"},"modified":"2022-06-10T13:27:46","modified_gmt":"2022-06-10T16:27:46","slug":"ex-prefeita-faz-apelo-a-gestao-municipal-em-suas-redes-sociais-sobre-a-situacao-da-saude-em-itiuba","status":"publish","type":"post","link":"https:\/\/www.cidadeemnoticias.com.br\/v1\/2022\/06\/08\/ex-prefeita-faz-apelo-a-gestao-municipal-em-suas-redes-sociais-sobre-a-situacao-da-saude-em-itiuba\/","title":{"rendered":"Ex &#8211; Prefeita faz apelo a Gest\u00e3o Municipal em suas redes sociais sobre a situa\u00e7\u00e3o da Sa\u00fade em ITI\u00daBA"},"content":{"rendered":"<h3><img loading=\"lazy\" class=\"alignnone size-medium wp-image-24258 aligncenter\" src=\"https:\/\/www.cidadeemnoticias.com.br\/v1\/wp-content\/uploads\/2022\/06\/IMG_20220608_103721-300x168.jpg\" alt=\"\" width=\"300\" height=\"168\" srcset=\"https:\/\/www.cidadeemnoticias.com.br\/v1\/wp-content\/uploads\/2022\/06\/IMG_20220608_103721-300x168.jpg 300w, https:\/\/www.cidadeemnoticias.com.br\/v1\/wp-content\/uploads\/2022\/06\/IMG_20220608_103721-1024x572.jpg 1024w, https:\/\/www.cidadeemnoticias.com.br\/v1\/wp-content\/uploads\/2022\/06\/IMG_20220608_103721-768x429.jpg 768w, https:\/\/www.cidadeemnoticias.com.br\/v1\/wp-content\/uploads\/2022\/06\/IMG_20220608_103721.jpg 1080w\" sizes=\"(max-width: 300px) 100vw, 300px\" \/><\/h3>\n<h3 style=\"text-align: justify;\"><\/h3>\n<h3 style=\"text-align: justify;\">A Ex &#8211; Prefeita de ITI\u00daBA, Cec\u00edlia Petrina de Carvalho, publicou em suas redes sociais na manh\u00e3 desta quarta &#8211; feira, 08 de junho, um v\u00eddeo fazendo apelo a Gest\u00e3o Municipal sobre a situa\u00e7\u00e3o da Sa\u00fade no munic\u00edpio.<\/h3>\n<h3 style=\"text-align: justify;\">Confira o v\u00eddeo na \u00edntegra.<\/h3>\n<h3 style=\"text-align: justify;\">Cidade em Not\u00edcias<\/h3>\n<h3 style=\"text-align: justify;\">#cidadeemnoticias #itiuba #iti\u00faba<\/h3>\n<p><iframe title=\"EX - PREFEITA CEC\u00cdLIA FAZ APELO A GEST\u00c3O MUNICIPAL SOBRE A SITUA\u00c7\u00c3O DA SA\u00daDE EM ITI\u00daBA\" width=\"500\" height=\"281\" src=\"https:\/\/www.youtube.com\/embed\/i5cAN61VaIk?feature=oembed\" frameborder=\"0\" allow=\"accelerometer; autoplay; clipboard-write; encrypted-media; gyroscope; picture-in-picture\" allowfullscreen><\/iframe><\/p>\n<p>&nbsp;<\/p>\n","protected":false},"excerpt":{"rendered":"<p>A Ex &#8211; Prefeita de ITI\u00daBA, Cec\u00edlia Petrina de Carvalho, publicou em suas redes sociais na manh\u00e3 desta quarta &#8211; feira, 08 de junho, um v\u00eddeo fazendo apelo a Gest\u00e3o Municipal sobre a situa\u00e7\u00e3o da Sa\u00fade no munic\u00edpio. Confira o v\u00eddeo na \u00edntegra. Cidade em Not\u00edcias #cidadeemnoticias #itiuba #iti\u00faba &nbsp;<\/p>\n","protected":false},"author":3,"featured_media":24258,"comment_status":"open","ping_status":"open","sticky":false,"template":"","format":"standard","meta":{"_links_to":"","_links_to_target":""},"categories":[3,26],"tags":[],"_links":{"self":[{"href":"https:\/\/www.cidadeemnoticias.com.br\/v1\/wp-json\/wp\/v2\/posts\/24257"}],"collection":[{"href":"https:\/\/www.cidadeemnoticias.com.br\/v1\/wp-json\/wp\/v2\/posts"}],"about":[{"href":"https:\/\/www.cidadeemnoticias.com.br\/v1\/wp-json\/wp\/v2\/types\/post"}],"author":[{"embeddable":true,"href":"https:\/\/www.cidadeemnoticias.com.br\/v1\/wp-json\/wp\/v2\/users\/3"}],"replies":[{"embeddable":true,"href":"https:\/\/www.cidadeemnoticias.com.br\/v1\/wp-json\/wp\/v2\/comments?post=24257"}],"version-history":[{"count":1,"href":"https:\/\/www.cidadeemnoticias.com.br\/v1\/wp-json\/wp\/v2\/posts\/24257\/revisions"}],"predecessor-version":[{"id":24259,"href":"https:\/\/www.cidadeemnoticias.com.br\/v1\/wp-json\/wp\/v2\/posts\/24257\/revisions\/24259"}],"wp:featuredmedia":[{"embeddable":true,"href":"https:\/\/www.cidadeemnoticias.com.br\/v1\/wp-json\/wp\/v2\/media\/24258"}],"wp:attachment":[{"href":"https:\/\/www.cidadeemnoticias.com.br\/v1\/wp-json\/wp\/v2\/media?parent=24257"}],"wp:term":[{"taxonomy":"category","embeddable":true,"href":"https:\/\/www.cidadeemnoticias.com.br\/v1\/wp-json\/wp\/v2\/categories?post=24257"},{"taxonomy":"post_tag","embeddable":true,"href":"https:\/\/www.cidadeemnoticias.com.br\/v1\/wp-json\/wp\/v2\/tags?post=24257"}],"curies":[{"name":"wp","href":"https:\/\/api.w.org\/{rel}","templated":true}]}}