{"id":24437,"date":"2022-07-06T13:15:34","date_gmt":"2022-07-06T16:15:34","guid":{"rendered":"https:\/\/www.cidadeemnoticias.com.br\/v1\/?p=24437"},"modified":"2022-07-06T13:15:34","modified_gmt":"2022-07-06T16:15:34","slug":"itiuba-vence-teofilandia-de-goleada-e-se-classifica-para-semifinal-da-super-copa-do-sisal","status":"publish","type":"post","link":"https:\/\/www.cidadeemnoticias.com.br\/v1\/2022\/07\/06\/itiuba-vence-teofilandia-de-goleada-e-se-classifica-para-semifinal-da-super-copa-do-sisal\/","title":{"rendered":"Iti\u00faba vence Teofil\u00e2ndia de goleada e se classifica para semifinal da Super Copa do Sisal"},"content":{"rendered":"<div id=\"attachment_24438\" style=\"width: 310px\" class=\"wp-caption aligncenter\"><img aria-describedby=\"caption-attachment-24438\" loading=\"lazy\" class=\"size-medium wp-image-24438\" src=\"https:\/\/www.cidadeemnoticias.com.br\/v1\/wp-content\/uploads\/2022\/07\/01-300x169.jpg\" alt=\"\" width=\"300\" height=\"169\" srcset=\"https:\/\/www.cidadeemnoticias.com.br\/v1\/wp-content\/uploads\/2022\/07\/01-300x169.jpg 300w, https:\/\/www.cidadeemnoticias.com.br\/v1\/wp-content\/uploads\/2022\/07\/01.jpg 600w\" sizes=\"(max-width: 300px) 100vw, 300px\" \/><p id=\"caption-attachment-24438\" class=\"wp-caption-text\">Exif_JPEG_420<\/p><\/div>\n<p style=\"font-weight: 400;\">\n<h3 style=\"text-align: justify;\">A equipe de Iti\u00faba goleou a equipe de Teofil\u00e2ndia por 4 a 0, neste domingo, no Est\u00e1dio Adejacy Lopes, em Filad\u00e9lfia, em partida v\u00e1lida pela Super Copa do Sisal.<\/h3>\n<h3 style=\"text-align: justify;\">Os gols foram de Renivaldo, Pido, e Ery 2 vezes.<\/h3>\n<h3 style=\"text-align: justify;\">Com a vit\u00f3ria, Iti\u00faba garantiu a classifica\u00e7\u00e3o para a semifinal da Super Copa do Sisal.<\/h3>\n<h3 style=\"text-align: justify;\">Iti\u00faba dominou o jogo contra o Teofil\u00e2ndia, envolvendo-o com um bom toque de bola. O time Itiubense abriu o placar logo no primeiro tempo com Renivaldo, mandando a bola para o fundo da rede. Os outros gols aconteceram no segundo tempo, com dois gols de Ery e um de Pido.<\/h3>\n<h3 style=\"text-align: justify;\">Agora o Iti\u00faba se prepara para enfrentar o Santa Luz, neste domingo, tamb\u00e9m no est\u00e1dio Adejacy Lopes em Filad\u00e9lfia. O objetivo da equipe \u00e9 vencer o clube de Santa Luz para garantir o primeiro jogo ficando mais f\u00e1cil de decidir a semifinal na Cidade de Santa Luz.<\/h3>\n<p>Filadelfia Not\u00edcias<\/p>\n","protected":false},"excerpt":{"rendered":"<p>A equipe de Iti\u00faba goleou a equipe de Teofil\u00e2ndia por 4 a 0, neste domingo, no Est\u00e1dio Adejacy Lopes, em Filad\u00e9lfia, em partida v\u00e1lida pela Super Copa do Sisal. Os gols foram de Renivaldo, Pido, e Ery 2 vezes. Com a vit\u00f3ria, Iti\u00faba garantiu a classifica\u00e7\u00e3o para a semifinal da Super Copa do Sisal. Iti\u00faba [&hellip;]<\/p>\n","protected":false},"author":3,"featured_media":24438,"comment_status":"open","ping_status":"open","sticky":false,"template":"","format":"standard","meta":{"_links_to":"","_links_to_target":""},"categories":[2,26],"tags":[],"_links":{"self":[{"href":"https:\/\/www.cidadeemnoticias.com.br\/v1\/wp-json\/wp\/v2\/posts\/24437"}],"collection":[{"href":"https:\/\/www.cidadeemnoticias.com.br\/v1\/wp-json\/wp\/v2\/posts"}],"about":[{"href":"https:\/\/www.cidadeemnoticias.com.br\/v1\/wp-json\/wp\/v2\/types\/post"}],"author":[{"embeddable":true,"href":"https:\/\/www.cidadeemnoticias.com.br\/v1\/wp-json\/wp\/v2\/users\/3"}],"replies":[{"embeddable":true,"href":"https:\/\/www.cidadeemnoticias.com.br\/v1\/wp-json\/wp\/v2\/comments?post=24437"}],"version-history":[{"count":1,"href":"https:\/\/www.cidadeemnoticias.com.br\/v1\/wp-json\/wp\/v2\/posts\/24437\/revisions"}],"predecessor-version":[{"id":24439,"href":"https:\/\/www.cidadeemnoticias.com.br\/v1\/wp-json\/wp\/v2\/posts\/24437\/revisions\/24439"}],"wp:featuredmedia":[{"embeddable":true,"href":"https:\/\/www.cidadeemnoticias.com.br\/v1\/wp-json\/wp\/v2\/media\/24438"}],"wp:attachment":[{"href":"https:\/\/www.cidadeemnoticias.com.br\/v1\/wp-json\/wp\/v2\/media?parent=24437"}],"wp:term":[{"taxonomy":"category","embeddable":true,"href":"https:\/\/www.cidadeemnoticias.com.br\/v1\/wp-json\/wp\/v2\/categories?post=24437"},{"taxonomy":"post_tag","embeddable":true,"href":"https:\/\/www.cidadeemnoticias.com.br\/v1\/wp-json\/wp\/v2\/tags?post=24437"}],"curies":[{"name":"wp","href":"https:\/\/api.w.org\/{rel}","templated":true}]}}