{"id":25006,"date":"2022-10-06T18:22:25","date_gmt":"2022-10-06T21:22:25","guid":{"rendered":"https:\/\/www.cidadeemnoticias.com.br\/v1\/?p=25006"},"modified":"2022-10-06T18:29:37","modified_gmt":"2022-10-06T21:29:37","slug":"acusado-de-matar-dono-de-sitio-e-caseiro-em-sp-e-preso-na-zona-rural-de-monte-santo","status":"publish","type":"post","link":"https:\/\/www.cidadeemnoticias.com.br\/v1\/2022\/10\/06\/acusado-de-matar-dono-de-sitio-e-caseiro-em-sp-e-preso-na-zona-rural-de-monte-santo\/","title":{"rendered":"Acusado de matar dono de s\u00edtio e caseiro em SP \u00e9 preso na zona rural de Monte Santo"},"content":{"rendered":"<p><img loading=\"lazy\" class=\"alignnone size-medium wp-image-25007 aligncenter\" src=\"https:\/\/www.cidadeemnoticias.com.br\/v1\/wp-content\/uploads\/2022\/10\/310646802_641191507368319_6848004279230260203_n-300x191.jpg\" alt=\"\" width=\"300\" height=\"191\" srcset=\"https:\/\/www.cidadeemnoticias.com.br\/v1\/wp-content\/uploads\/2022\/10\/310646802_641191507368319_6848004279230260203_n-300x191.jpg 300w, https:\/\/www.cidadeemnoticias.com.br\/v1\/wp-content\/uploads\/2022\/10\/310646802_641191507368319_6848004279230260203_n.jpg 320w\" sizes=\"(max-width: 300px) 100vw, 300px\" \/><\/p>\n<div class=\"x11i5rnm xat24cr x1mh8g0r x1vvkbs xtlvy1s x126k92a\">\n<h3 dir=\"auto\" style=\"text-align: justify;\">Ap\u00f3s investiga\u00e7\u00f5es realizadas pelo SI (servi\u00e7o de investiga\u00e7\u00e3o) da Delegacia de Euclides da Cunha quanto a um foragido da justi\u00e7a do estado de S\u00e3o Paulo, mas precisamente da cidade de Itapecerica da Serra, onde o acusado teria ceifado a vida de dois homens com golpes de faca e Machado, caso esse que obteve grande repercuss\u00e3o da imprensa do estado de S\u00e3o Paulo e a n\u00edvel nacional devido a crueldade do crime, no qual segundo investiga\u00e7\u00f5es preliminares o mesmo teria sido contratado para matar o dono de uma ch\u00e1cara e seu caseiro devido a uma briga pela terras na regi\u00e3o.<\/h3>\n<\/div>\n<h3 dir=\"auto\" style=\"text-align: justify;\">Informa\u00e7\u00f5es d\u00e3o conta que o caseiro foi feito ref\u00e9m e foi ordenado fazer uma liga\u00e7\u00e3o para o dono do s\u00edtio, Ant\u00f4nio Braga Miranda, 66 anos, ir at\u00e9 a sua propriedade, ao chegar encontrou o caseiro ca\u00eddo e quando desceu do carro para socorrer o funcion\u00e1rio, foi surpreendido com golpes de faca e depois recebeu algumas machadadas e at\u00e9 ent\u00e3o estava sendo procurado e a Policia Civil.<\/h3>\n<h3 dir=\"auto\" style=\"text-align: justify;\">Logo ap\u00f3s o fato, o suposto autor fugiu para o interior baiano, mais precisamente para a cidade de Monte Santo \u2013 BA.<\/h3>\n<h3 dir=\"auto\" style=\"text-align: justify;\">Na tarde desta quarta-feira, dia 05, por volta das 17h, ap\u00f3s compartilhamento de informa\u00e7\u00f5es de intelig\u00eancia entre o SI de Euclides da Cunha-BA em conjunto com policiais militares da Bahia do 5\u00b0 batalh\u00e3o de Euclides da Cunha, as equipes policiais realizaram dilig\u00eancias no povoado Laje de Dentro, distante 25 km da sede do municipio de Monte Santo, e, ao visualizar o alvo, o mesmo foi identificado, sendo cumprindo mandado de pris\u00e3o tempor\u00e1ria , expedido nos autos do processo em desfavor do individuo de iniciais L. de A. M, de 34 anos, sendo o mesmo apresentado na delegacia policia de Euclides da Cunha \u2013 BA para ado\u00e7\u00e3o das medidas cab\u00edveis.<\/h3>\n<div class=\"x11i5rnm xat24cr x1mh8g0r x1vvkbs xtlvy1s x126k92a\">\n<h3 dir=\"auto\" style=\"text-align: justify;\">CN | Informa\u00e7\u00f5es 25\u00aa COORPIN\/Euclides da Cunha<\/h3>\n<\/div>\n","protected":false},"excerpt":{"rendered":"<p>Ap\u00f3s investiga\u00e7\u00f5es realizadas pelo SI (servi\u00e7o de investiga\u00e7\u00e3o) da Delegacia de Euclides da Cunha quanto a um foragido da justi\u00e7a do estado de S\u00e3o Paulo, mas precisamente da cidade de Itapecerica da Serra, onde o acusado teria ceifado a vida de dois homens com golpes de faca e Machado, caso esse que obteve grande repercuss\u00e3o [&hellip;]<\/p>\n","protected":false},"author":3,"featured_media":25007,"comment_status":"open","ping_status":"open","sticky":false,"template":"","format":"standard","meta":{"_links_to":"","_links_to_target":""},"categories":[4,31,25],"tags":[],"_links":{"self":[{"href":"https:\/\/www.cidadeemnoticias.com.br\/v1\/wp-json\/wp\/v2\/posts\/25006"}],"collection":[{"href":"https:\/\/www.cidadeemnoticias.com.br\/v1\/wp-json\/wp\/v2\/posts"}],"about":[{"href":"https:\/\/www.cidadeemnoticias.com.br\/v1\/wp-json\/wp\/v2\/types\/post"}],"author":[{"embeddable":true,"href":"https:\/\/www.cidadeemnoticias.com.br\/v1\/wp-json\/wp\/v2\/users\/3"}],"replies":[{"embeddable":true,"href":"https:\/\/www.cidadeemnoticias.com.br\/v1\/wp-json\/wp\/v2\/comments?post=25006"}],"version-history":[{"count":2,"href":"https:\/\/www.cidadeemnoticias.com.br\/v1\/wp-json\/wp\/v2\/posts\/25006\/revisions"}],"predecessor-version":[{"id":25009,"href":"https:\/\/www.cidadeemnoticias.com.br\/v1\/wp-json\/wp\/v2\/posts\/25006\/revisions\/25009"}],"wp:featuredmedia":[{"embeddable":true,"href":"https:\/\/www.cidadeemnoticias.com.br\/v1\/wp-json\/wp\/v2\/media\/25007"}],"wp:attachment":[{"href":"https:\/\/www.cidadeemnoticias.com.br\/v1\/wp-json\/wp\/v2\/media?parent=25006"}],"wp:term":[{"taxonomy":"category","embeddable":true,"href":"https:\/\/www.cidadeemnoticias.com.br\/v1\/wp-json\/wp\/v2\/categories?post=25006"},{"taxonomy":"post_tag","embeddable":true,"href":"https:\/\/www.cidadeemnoticias.com.br\/v1\/wp-json\/wp\/v2\/tags?post=25006"}],"curies":[{"name":"wp","href":"https:\/\/api.w.org\/{rel}","templated":true}]}}